{"id":5873,"date":"2023-03-01T10:18:00","date_gmt":"2023-03-01T10:18:00","guid":{"rendered":"https:\/\/lucid-ganguly.89-31-73-59.plesk.page\/our-cymbidiums-on-tv\/"},"modified":"2023-03-01T10:18:00","modified_gmt":"2023-03-01T10:18:00","slug":"our-cymbidiums-on-tv","status":"publish","type":"post","link":"https:\/\/www.floratoscana.it\/en\/our-cymbidiums-on-tv\/","title":{"rendered":"Our barr-orch\u00ae Cymbidium collection on TV"},"content":{"rendered":"<p>Click here to see the show <\/p>\n<div>\n<p><span lang=\"EN-US\">Live on Portuguese TV &#8211; \u00a0on <strong>\u201c Pra\u00e7a da Alegria\u201d<\/strong> \u00a0the famous morning show our giant flowered <strong>Cymbidiums <\/strong>our &#8220;<strong>barr-orch\u00ae&#8221; <\/strong>collection: over 50 varieties of all shapes and colors: M\u00e1rcia, Pamela, J\u00e9ssica, Rosa, Am\u00e9lia, Carla, Laura&#8230; there&#8217;s something for everyone!<\/span><\/p>\n<\/div>\n<div>\n<p><span lang=\"EN-US\">From the minute 21\u2019: 30\u2019\u2019 you will see Teresa Chambell illustrating and explaining how to keep at its best this beautiful plant.<\/span><\/p>\n<\/div>\n","protected":false},"excerpt":{"rendered":"<p>Click here to see the show Live on Portuguese TV &#8211; \u00a0on \u201c Pra\u00e7a da Alegria\u201d \u00a0the famous morning show our giant flowered Cymbidiums our &#8220;barr-orch\u00ae&#8221; collection: over 50 varieties of all shapes and colors: M\u00e1rcia, Pamela, J\u00e9ssica, Rosa, Am\u00e9lia, Carla, Laura&#8230; there&#8217;s something for everyone! From the minute 21\u2019: 30\u2019\u2019 you will see Teresa [&hellip;]<\/p>\n","protected":false},"author":2,"featured_media":3456,"comment_status":"closed","ping_status":"closed","sticky":false,"template":"","format":"standard","meta":{"_acf_changed":false,"footnotes":""},"categories":[416],"tags":[],"class_list":["post-5873","post","type-post","status-publish","format-standard","has-post-thumbnail","hentry","category-news-and-events"],"acf":[],"_links":{"self":[{"href":"https:\/\/www.floratoscana.it\/en\/wp-json\/wp\/v2\/posts\/5873","targetHints":{"allow":["GET"]}}],"collection":[{"href":"https:\/\/www.floratoscana.it\/en\/wp-json\/wp\/v2\/posts"}],"about":[{"href":"https:\/\/www.floratoscana.it\/en\/wp-json\/wp\/v2\/types\/post"}],"author":[{"embeddable":true,"href":"https:\/\/www.floratoscana.it\/en\/wp-json\/wp\/v2\/users\/2"}],"replies":[{"embeddable":true,"href":"https:\/\/www.floratoscana.it\/en\/wp-json\/wp\/v2\/comments?post=5873"}],"version-history":[{"count":0,"href":"https:\/\/www.floratoscana.it\/en\/wp-json\/wp\/v2\/posts\/5873\/revisions"}],"wp:featuredmedia":[{"embeddable":true,"href":"https:\/\/www.floratoscana.it\/en\/wp-json\/wp\/v2\/media\/3456"}],"wp:attachment":[{"href":"https:\/\/www.floratoscana.it\/en\/wp-json\/wp\/v2\/media?parent=5873"}],"wp:term":[{"taxonomy":"category","embeddable":true,"href":"https:\/\/www.floratoscana.it\/en\/wp-json\/wp\/v2\/categories?post=5873"},{"taxonomy":"post_tag","embeddable":true,"href":"https:\/\/www.floratoscana.it\/en\/wp-json\/wp\/v2\/tags?post=5873"}],"curies":[{"name":"wp","href":"https:\/\/api.w.org\/{rel}","templated":true}]}}